[{"@context":"https:\/\/schema.org\/","@type":"Article","@id":"https:\/\/www.mcparnicek.cz\/jasna-volba\/#Article","mainEntityOfPage":"https:\/\/www.mcparnicek.cz\/jasna-volba\/","headline":"Jasn\u00e1 volba","name":"Jasn\u00e1 volba","description":"Jasnou a ide\u00e1ln\u00ed volbou, jak d\u00e1t v\u011bcem \u0159\u00e1d, jsou bezesporu levn\u00e9 \u0161atn\u00ed sk\u0159\u00edn\u011b. Nab\u00edzej\u00ed organizaci, m\u00edsto, vymezen\u00fd prostor pro dan\u00fd <a href=\"https:\/\/www.mcparnicek.cz\/jasna-volba\/\" class=\"read-more\">P\u0159e\u010d\u00edst...<\/a>","datePublished":"2019-11-21","dateModified":"2023-05-09","author":{"@type":"Person","@id":"https:\/\/www.mcparnicek.cz\/author\/#Person","name":"","url":"https:\/\/www.mcparnicek.cz\/author\/","identifier":1,"image":{"@type":"ImageObject","@id":"https:\/\/secure.gravatar.com\/avatar\/33549a3bd69022b5544ec751c6f690d75868252394a5ec007d9ed3f2c30f7874?s=96&d=mm&r=g","url":"https:\/\/secure.gravatar.com\/avatar\/33549a3bd69022b5544ec751c6f690d75868252394a5ec007d9ed3f2c30f7874?s=96&d=mm&r=g","height":96,"width":96}},"publisher":{"@type":"Organization","name":"mcparnicek.cz","logo":{"@type":"ImageObject","@id":"\/logo.png","url":"\/logo.png","width":600,"height":60}},"image":{"@type":"ImageObject","@id":"https:\/\/www.mcparnicek.cz\/wp-content\/uploads\/img_a369446_w2126_t1581588929.jpg","url":"https:\/\/www.mcparnicek.cz\/wp-content\/uploads\/img_a369446_w2126_t1581588929.jpg","height":0,"width":0},"url":"https:\/\/www.mcparnicek.cz\/jasna-volba\/","about":["Ekonomika"],"wordCount":398,"articleBody":"   Jasnou a ide\u00e1ln\u00ed volbou, jak d\u00e1t v\u011bcem \u0159\u00e1d, jsou bezesporu levn\u00e9 \u0161atn\u00ed sk\u0159\u00edn\u011b. Nab\u00edzej\u00ed organizaci, m\u00edsto, vymezen\u00fd prostor pro dan\u00fd kousek. Majiteli, pokud je schopen a ochoten dodr\u017eovat nastaven\u00fd po\u0159\u00e1dek, umo\u017e\u0148uj\u00ed m\u00edt v\u0161e pod kontrolou, na o\u010dek\u00e1van\u00e9m m\u00edst\u011b a hlavn\u011b po ruce. Nem\u00e1 smysl po\u0159izovat a nakupovat mal\u00e9 sk\u0159\u00ed\u0148ky, nebo komody. Mo\u017en\u00e1 tak na drobn\u00e9 v\u011bci, ale na oble\u010den\u00ed na ram\u00ednko? Ani n\u00e1hodou! Ne v\u0161echno snese slo\u017een\u00ed, jsou druhy, \u010di typy od\u011bv\u016f, kter\u00e9 mus\u00ed b\u00fdt vyv\u011b\u0161en\u00e9. Sk\u0159\u00edn\u011b jsou ide\u00e1ln\u00ed mo\u017enost\u00ed, jak takov\u00e9to parametry dodr\u017eet. M\u016f\u017eete si vybrat z mnoha typov\u00fdch a rozm\u011brov\u00fdch mo\u017enost\u00ed. Majitel\u00e9 mal\u00fdch garsonek si logicky nepo\u0159\u00edd\u00ed nadrozm\u011brnou sk\u0159\u00ed\u0148, naopak majitel\u00e9 velk\u00fdch \u010dtvere\u010dn\u00edch metr\u016f, se mohou prostorov\u011b rozm\u00e1chnout. Mohou si klidn\u011b praktick\u00fdm n\u00e1bytkov\u00fdm vybaven\u00edm vybavit i cel\u00e9 \u0161atny. Jen na v\u00e1s z\u00e1le\u017e\u00ed, jak\u00e9 zvol\u00edte uspo\u0159\u00e1d\u00e1n\u00ed vnit\u0159n\u00edch reg\u00e1l\u016f, polic a z\u00e1suvek. Jen na v\u00e1s z\u00e1le\u017e\u00ed, jak\u00fd dekor, \u010di typ vyberete. Vestav\u011bn\u00e9 varianty Ano, vestav\u011bn\u00e9 varianty vypadaj\u00ed velice esteticky a je\u0161t\u011b ke v\u0161emu jsou opravdu praktick\u00e9. Tam, kam se v\u00e1m nevejde klasick\u00fd sektorov\u00fd n\u00e1bytek, mohou bez probl\u00e9m\u016f p\u0159ij\u00edt na po\u0159ad dne vestav\u011bn\u00e9 verze. Jsou vyroben\u00e9 p\u0159esn\u011b na m\u00edru aktu\u00e1ln\u00edmu prostoru, jsou zasazen\u00e9 do st\u011bny tak, \u017ee nikam nevy\u010dn\u00edvaj\u00ed a nic nenaru\u0161uj\u00ed. Ocen\u00ed je hlavn\u011b majitel\u00e9 mal\u00fdch byt\u016f, kte\u0159\u00ed si nemohou dovolit pl\u00fdtvat m\u00edstem. Ocen\u00ed je, ale i n\u00e1ro\u010dn\u00ed z\u00e1kazn\u00edci, kter\u00fdm se l\u00edb\u00ed p\u0159edstava, \u017ee n\u00e1bytek je zabudov\u00e1n takzvan\u011b do st\u011bny. Tak, jako tak, je vylo\u017een\u011b na ka\u017ed\u00e9m u\u017eivateli, pro jakou variantu se rozhodne. Jasn\u00e9 je, \u017ee volba to nen\u00ed na m\u011bs\u00edc, \u010di na rok. Samoz\u0159ejm\u011b, \u017ee chceme, nebo po\u017eadujeme, aby n\u00e1bytek vydr\u017eel dlouh\u00e9 roky. V tom p\u0159\u00edpad\u011b se hned na za\u010d\u00e1tku zam\u011b\u0159te na kvalitu materi\u00e1lu, panty dve\u0159\u00ed, madla, p\u0159\u00edpadn\u011b zpracov\u00e1n\u00ed z\u00e1suvek a polic. Pou\u017e\u00edv\u00e1n\u00edm se teprve uk\u00e1\u017ee, zda v\u00e1\u0161 v\u00fdb\u011br byl ten spr\u00e1vn\u00fd.  "},{"@context":"https:\/\/schema.org\/","@type":"BreadcrumbList","itemListElement":[{"@type":"ListItem","position":1,"name":"Jasn\u00e1 volba","item":"https:\/\/www.mcparnicek.cz\/jasna-volba\/#breadcrumbitem"}]}]